{"id":252,"date":"2026-08-21T08:04:10","date_gmt":"2026-08-21T06:04:10","guid":{"rendered":"https:\/\/sandraluzz.com\/?p=252"},"modified":"2026-08-21T08:17:00","modified_gmt":"2026-08-21T06:17:00","slug":"las-formaciones-ya-estan-en-marcha","status":"publish","type":"post","link":"https:\/\/sandraluzz.com\/pt\/las-formaciones-ya-estan-en-marcha\/","title":{"rendered":"Os treinamentos j\u00e1 est\u00e3o em andamento!"},"content":{"rendered":"<p>Por enquanto, as forma\u00e7\u00f5es s\u00e3o <strong>presenciais<\/strong>.<\/p>\n\n\n\n<p><strong>En nuestro sal\u00f3n de Barcelona<\/strong><br>Voc\u00ea pode vir ao nosso espa\u00e7o para fazer o treinamento.<\/p>\n\n\n\n<p><strong>No seu pr\u00f3prio sal\u00e3o<\/strong><br>Tamb\u00e9m nos deslocamos para ministrar o treinamento diretamente com sua equipe, uma op\u00e7\u00e3o ideal para grupos de profissionais que preferem se capacitar sem sair do local de trabalho.<\/p>\n\n\n\n<p>Para consultar <strong>disponibilidade e condi\u00e7\u00f5es<\/strong>, voc\u00ea pode nos enviar uma mensagem diretamente pelo WhatsApp:<\/p>\n\n\n\n<p><a href=\"https:\/\/api.whatsapp.com\/send?phone=34600325248\" data-type=\"link\" data-id=\"https:\/\/api.whatsapp.com\/send?phone=34600325248\">\ud83d\udcf2 <strong>WhatsApp: <\/strong>+34 600 325 248<\/a><\/p>\n\n\n\n<p>Voc\u00ea tamb\u00e9m pode consultar mais informa\u00e7\u00f5es em: <a href=\"https:\/\/sandraluzz.com\/pt\/formaciones\/\">https:\/\/sandraluzz.com\/formaciones<\/a><\/p>\n\n\n\n<figure class=\"wp-block-image size-full\"><img loading=\"lazy\" decoding=\"async\" width=\"1001\" height=\"711\" src=\"https:\/\/sandraluzz.com\/wp-content\/uploads\/2026\/08\/belezapeluqueriacortedecabeloloirohairstyle5-2.jpg\" alt=\"\" class=\"wp-image-253\" srcset=\"https:\/\/sandraluzz.com\/wp-content\/uploads\/2026\/08\/belezapeluqueriacortedecabeloloirohairstyle5-2.jpg 1001w, https:\/\/sandraluzz.com\/wp-content\/uploads\/2026\/08\/belezapeluqueriacortedecabeloloirohairstyle5-2-300x213.jpg 300w, https:\/\/sandraluzz.com\/wp-content\/uploads\/2026\/08\/belezapeluqueriacortedecabeloloirohairstyle5-2-768x546.jpg 768w, https:\/\/sandraluzz.com\/wp-content\/uploads\/2026\/08\/belezapeluqueriacortedecabeloloirohairstyle5-2-18x12.jpg 18w\" sizes=\"auto, (max-width: 1001px) 100vw, 1001px\" \/><\/figure>","protected":false},"excerpt":{"rendered":"<p>De momento, las formaciones son presenciales. En nuestro sal\u00f3n de BarcelonaPuedes venir a nuestro espacio para realizar la formaci\u00f3n. En tu propio sal\u00f3nTambi\u00e9n nos desplazamos para impartir la formaci\u00f3n directamente con tu equipo, una opci\u00f3n ideal para grupos de profesionales que prefieren formarse sin salir de su espacio de trabajo. Para consultar disponibilidad y condiciones, [&hellip;]<\/p>\n","protected":false},"author":1,"featured_media":0,"comment_status":"open","ping_status":"open","sticky":false,"template":"","format":"standard","meta":{"footnotes":""},"categories":[1],"tags":[],"class_list":["post-252","post","type-post","status-publish","format-standard","hentry","category-sin-categoria"],"_links":{"self":[{"href":"https:\/\/sandraluzz.com\/pt\/wp-json\/wp\/v2\/posts\/252","targetHints":{"allow":["GET"]}}],"collection":[{"href":"https:\/\/sandraluzz.com\/pt\/wp-json\/wp\/v2\/posts"}],"about":[{"href":"https:\/\/sandraluzz.com\/pt\/wp-json\/wp\/v2\/types\/post"}],"author":[{"embeddable":true,"href":"https:\/\/sandraluzz.com\/pt\/wp-json\/wp\/v2\/users\/1"}],"replies":[{"embeddable":true,"href":"https:\/\/sandraluzz.com\/pt\/wp-json\/wp\/v2\/comments?post=252"}],"version-history":[{"count":3,"href":"https:\/\/sandraluzz.com\/pt\/wp-json\/wp\/v2\/posts\/252\/revisions"}],"predecessor-version":[{"id":256,"href":"https:\/\/sandraluzz.com\/pt\/wp-json\/wp\/v2\/posts\/252\/revisions\/256"}],"wp:attachment":[{"href":"https:\/\/sandraluzz.com\/pt\/wp-json\/wp\/v2\/media?parent=252"}],"wp:term":[{"taxonomy":"category","embeddable":true,"href":"https:\/\/sandraluzz.com\/pt\/wp-json\/wp\/v2\/categories?post=252"},{"taxonomy":"post_tag","embeddable":true,"href":"https:\/\/sandraluzz.com\/pt\/wp-json\/wp\/v2\/tags?post=252"}],"curies":[{"name":"wp","href":"https:\/\/api.w.org\/{rel}","templated":true}]}}